{"id":1513,"date":"2021-10-30T00:24:56","date_gmt":"2021-10-29T22:24:56","guid":{"rendered":"https:\/\/juventudynazaret.es\/wp\/?p=1513"},"modified":"2021-10-30T00:28:57","modified_gmt":"2021-10-29T22:28:57","slug":"entregado-el-premio-la-caca-de-la-vaca-2","status":"publish","type":"post","link":"https:\/\/juventudynazaret.es\/wp\/entregado-el-premio-la-caca-de-la-vaca-2\/","title":{"rendered":"ENTREGADO EL PREMIO LA CACA DE LA VACA"},"content":{"rendered":"<div class=\"separator\" style=\"clear: both; text-align: center;\"><a style=\"margin-left: 1em; margin-right: 1em;\" href=\"https:\/\/1.bp.blogspot.com\/-M-UaQAJB6bI\/YXx0KjPRLLI\/AAAAAAAAGSk\/hlyb1jawiLcjmLLJgjM7fmsGnYsWC4oUQCLcBGAsYHQ\/s2016\/vv.jpg\"><img fetchpriority=\"high\" decoding=\"async\" src=\"https:\/\/1.bp.blogspot.com\/-M-UaQAJB6bI\/YXx0KjPRLLI\/AAAAAAAAGSk\/hlyb1jawiLcjmLLJgjM7fmsGnYsWC4oUQCLcBGAsYHQ\/w400-h189\/vv.jpg\" width=\"400\" height=\"189\" border=\"0\" data-original-height=\"954\" data-original-width=\"2016\" \/><\/a><\/div>\n<div>\u00a0<\/div>\n<p>\u00a0<\/p>\n<div style=\"text-align: justify;\">El pasado viernes 29 de octubre, en la secretar\u00eda del Colegio Salesiano y ante los medios de comunicaci\u00f3n de nuestra localidad, la Hermandad Salesiana de la Juventud ha hecho entrega del premio de la d\u00e9cimo tercera edici\u00f3n de \u00abLa Caca de la Vaca\u00bb a do\u00f1a Dolores Ruiz Salido, poseedora de la parcela 489.<\/div>\n<p>\u00a0<\/p>\n<div style=\"text-align: justify;\">Damos la enhorabuena a la afortunada y agradecemos a todos los hermanos de nuestra Hermandad su participaci\u00f3n, as\u00ed como a las entidades colaboradoras y al pueblo de Montilla, por lograr un a\u00f1o m\u00e1s que la Caca de la Vaca haya sido un \u00e9xito.<\/div>\n<p>\u00a0<\/p>\n<div style=\"text-align: justify;\">\u00a1GRACIAS!<\/div>\n<p>\u00a0<\/p>\n<div style=\"text-align: justify;\">La Junta de Gobierno<\/div>\n\n\n<p><\/p>\n","protected":false},"excerpt":{"rendered":"<p>\u00a0 \u00a0 El pasado viernes 29 de octubre, en la secretar\u00eda del Colegio Salesiano y ante los medios de comunicaci\u00f3n<\/p>\n","protected":false},"author":1,"featured_media":1514,"comment_status":"closed","ping_status":"open","sticky":false,"template":"","format":"standard","meta":{"colormag_page_container_layout":"default_layout","colormag_page_sidebar_layout":"default_layout","footnotes":""},"categories":[5],"tags":[],"class_list":["post-1513","post","type-post","status-publish","format-standard","has-post-thumbnail","hentry","category-noticias"],"_links":{"self":[{"href":"https:\/\/juventudynazaret.es\/wp\/wp-json\/wp\/v2\/posts\/1513","targetHints":{"allow":["GET"]}}],"collection":[{"href":"https:\/\/juventudynazaret.es\/wp\/wp-json\/wp\/v2\/posts"}],"about":[{"href":"https:\/\/juventudynazaret.es\/wp\/wp-json\/wp\/v2\/types\/post"}],"author":[{"embeddable":true,"href":"https:\/\/juventudynazaret.es\/wp\/wp-json\/wp\/v2\/users\/1"}],"replies":[{"embeddable":true,"href":"https:\/\/juventudynazaret.es\/wp\/wp-json\/wp\/v2\/comments?post=1513"}],"version-history":[{"count":5,"href":"https:\/\/juventudynazaret.es\/wp\/wp-json\/wp\/v2\/posts\/1513\/revisions"}],"predecessor-version":[{"id":1521,"href":"https:\/\/juventudynazaret.es\/wp\/wp-json\/wp\/v2\/posts\/1513\/revisions\/1521"}],"wp:featuredmedia":[{"embeddable":true,"href":"https:\/\/juventudynazaret.es\/wp\/wp-json\/wp\/v2\/media\/1514"}],"wp:attachment":[{"href":"https:\/\/juventudynazaret.es\/wp\/wp-json\/wp\/v2\/media?parent=1513"}],"wp:term":[{"taxonomy":"category","embeddable":true,"href":"https:\/\/juventudynazaret.es\/wp\/wp-json\/wp\/v2\/categories?post=1513"},{"taxonomy":"post_tag","embeddable":true,"href":"https:\/\/juventudynazaret.es\/wp\/wp-json\/wp\/v2\/tags?post=1513"}],"curies":[{"name":"wp","href":"https:\/\/api.w.org\/{rel}","templated":true}]}}