{"id":1546,"date":"2022-01-25T01:00:46","date_gmt":"2022-01-24T23:00:46","guid":{"rendered":"https:\/\/juventudynazaret.es\/wp\/?p=1546"},"modified":"2022-01-25T01:00:48","modified_gmt":"2022-01-24T23:00:48","slug":"asamblea-general-ordinaria","status":"publish","type":"post","link":"https:\/\/juventudynazaret.es\/wp\/asamblea-general-ordinaria\/","title":{"rendered":"ASAMBLEA GENERAL ORDINARIA"},"content":{"rendered":"<div class=\"separator\" style=\"clear: both; text-align: center;\"><a href=\"https:\/\/blogger.googleusercontent.com\/img\/a\/AVvXsEiDHZkA2Hyw09-pbY376UFsGPb1BwF_n5CKyLteWJjCNrsQAsBBin3krSpJ3_wwyTLfN_A6MBXiJustTU61EL95HT0KTiTt10bh48z_jzPRN-rq6iokkpHKl2Fyqqg6UQG-pfJpACEFK1IuBF6Y2Gh4is_VjBUA-vqLOuUlUnipgpVVxfmcplS2-O_r=s1181\" imageanchor=\"1\" style=\"margin-left: 1em; margin-right: 1em;\"><img fetchpriority=\"high\" decoding=\"async\" border=\"0\" data-original-height=\"543\" data-original-width=\"1181\" height=\"184\" src=\"https:\/\/blogger.googleusercontent.com\/img\/a\/AVvXsEiDHZkA2Hyw09-pbY376UFsGPb1BwF_n5CKyLteWJjCNrsQAsBBin3krSpJ3_wwyTLfN_A6MBXiJustTU61EL95HT0KTiTt10bh48z_jzPRN-rq6iokkpHKl2Fyqqg6UQG-pfJpACEFK1IuBF6Y2Gh4is_VjBUA-vqLOuUlUnipgpVVxfmcplS2-O_r=w400-h184\" width=\"400\"><\/a><\/div>\n<div style=\"text-align: justify;\"><\/div>\n<div style=\"text-align: justify;\">Estimado\/a Hermano\/a:&nbsp;<\/div>\n<div style=\"text-align: justify;\"><\/div>\n<div style=\"text-align: justify;\">Como cada a\u00f1o te adjuntamos a la Convocatoria de Asamblea General Ordinaria para el pr\u00f3ximo domingo 13 de febrero. (<a href=\"https:\/\/juventudynazaret.es\/pdf\/Asamblea2022.pdf\" target=\"_blank\" rel=\"noopener\">ver Convocatoria PDF<\/a>)&nbsp;<\/div>\n<div style=\"text-align: justify;\"><\/div>\n<div style=\"text-align: justify;\">Si adem\u00e1s de recibir este correo electr\u00f3nico, tambi\u00e9n recibes en los pr\u00f3ximos d\u00edas la carta f\u00edsica, te recordamos que puedes contribuir con el medio ambiente, as\u00ed como a abaratar los costes de tu Hermandad, rellenando el Formulario que encontrar\u00e1s en el siguiente enlace para dejar de recibir los cartas en papel:&nbsp;<\/div>\n<div style=\"text-align: justify;\"><\/div>\n<div style=\"text-align: center;\">&nbsp;<a href=\"https:\/\/docs.google.com\/forms\/d\/e\/1FAIpQLSfxJE5nrwtsFSmJTokIEmvGojkbWsJpXoi4xtFCwIcGGT--sA\/viewform\" target=\"_blank\" rel=\"noopener\">CAMBIO A COMUNICACIONES DIGITALES<\/a>&nbsp;<\/div>\n<div style=\"text-align: justify;\"><\/div>\n<div style=\"text-align: justify;\">&nbsp;La Junta de Gobierno<\/div>\n","protected":false},"excerpt":{"rendered":"<p>Estimado\/a Hermano\/a:&nbsp; Como cada a\u00f1o te adjuntamos a la Convocatoria de Asamblea General Ordinaria para el pr\u00f3ximo domingo 13 de<\/p>\n","protected":false},"author":1,"featured_media":1547,"comment_status":"closed","ping_status":"open","sticky":false,"template":"","format":"standard","meta":{"colormag_page_container_layout":"default_layout","colormag_page_sidebar_layout":"default_layout","footnotes":""},"categories":[5],"tags":[],"class_list":["post-1546","post","type-post","status-publish","format-standard","has-post-thumbnail","hentry","category-noticias"],"_links":{"self":[{"href":"https:\/\/juventudynazaret.es\/wp\/wp-json\/wp\/v2\/posts\/1546","targetHints":{"allow":["GET"]}}],"collection":[{"href":"https:\/\/juventudynazaret.es\/wp\/wp-json\/wp\/v2\/posts"}],"about":[{"href":"https:\/\/juventudynazaret.es\/wp\/wp-json\/wp\/v2\/types\/post"}],"author":[{"embeddable":true,"href":"https:\/\/juventudynazaret.es\/wp\/wp-json\/wp\/v2\/users\/1"}],"replies":[{"embeddable":true,"href":"https:\/\/juventudynazaret.es\/wp\/wp-json\/wp\/v2\/comments?post=1546"}],"version-history":[{"count":1,"href":"https:\/\/juventudynazaret.es\/wp\/wp-json\/wp\/v2\/posts\/1546\/revisions"}],"predecessor-version":[{"id":1548,"href":"https:\/\/juventudynazaret.es\/wp\/wp-json\/wp\/v2\/posts\/1546\/revisions\/1548"}],"wp:featuredmedia":[{"embeddable":true,"href":"https:\/\/juventudynazaret.es\/wp\/wp-json\/wp\/v2\/media\/1547"}],"wp:attachment":[{"href":"https:\/\/juventudynazaret.es\/wp\/wp-json\/wp\/v2\/media?parent=1546"}],"wp:term":[{"taxonomy":"category","embeddable":true,"href":"https:\/\/juventudynazaret.es\/wp\/wp-json\/wp\/v2\/categories?post=1546"},{"taxonomy":"post_tag","embeddable":true,"href":"https:\/\/juventudynazaret.es\/wp\/wp-json\/wp\/v2\/tags?post=1546"}],"curies":[{"name":"wp","href":"https:\/\/api.w.org\/{rel}","templated":true}]}}