{"id":2488,"date":"2024-09-26T08:30:15","date_gmt":"2024-09-26T06:30:15","guid":{"rendered":"https:\/\/juventudynazaret.es\/wp\/?p=2488"},"modified":"2024-10-09T08:31:51","modified_gmt":"2024-10-09T06:31:51","slug":"iguala-general-costaleros","status":"publish","type":"post","link":"https:\/\/juventudynazaret.es\/wp\/iguala-general-costaleros\/","title":{"rendered":"IGUAL\u00c1 GENERAL COSTALEROS"},"content":{"rendered":"<div class=\"separator\" style=\"clear: both; text-align: center;\"><a style=\"margin-left: 1em; margin-right: 1em;\" href=\"https:\/\/blogger.googleusercontent.com\/img\/b\/R29vZ2xl\/AVvXsEjstCtk-WZImHCDMdHDJDxV81BtXyclxkfEMZNKRHljJcZwxkX2qEAk_0O2es2IXt11jdyc1DNxmooWu7HeKyaeR1gyPjX7yWmDdnHasW8ReJZ_KQ1kXF1fxbImJgV0rBLsvSPe_pk6tPDTDG6fXewiaSchvPO3RIciVKj4du2Vp-oPX6kZyIIHRt_oOak\/s1600\/iguala.jpg\"><img fetchpriority=\"high\" decoding=\"async\" src=\"https:\/\/blogger.googleusercontent.com\/img\/b\/R29vZ2xl\/AVvXsEjstCtk-WZImHCDMdHDJDxV81BtXyclxkfEMZNKRHljJcZwxkX2qEAk_0O2es2IXt11jdyc1DNxmooWu7HeKyaeR1gyPjX7yWmDdnHasW8ReJZ_KQ1kXF1fxbImJgV0rBLsvSPe_pk6tPDTDG6fXewiaSchvPO3RIciVKj4du2Vp-oPX6kZyIIHRt_oOak\/w283-h400\/iguala.jpg\" width=\"283\" height=\"400\" border=\"0\" data-original-height=\"1600\" data-original-width=\"1131\" \/><\/a><\/div>\n<p style=\"text-align: justify;\"><span style=\"background-color: white; color: #050505; font-family: 'Segoe UI Historic', 'Segoe UI', Helvetica, Arial, sans-serif; font-size: 15px;\">Pr\u00f3ximo 26 de octubre a las 18:00 h en la Sede Social (C\/ Santa Ana), Igual\u00e1 de Costaleros de la Hermandad de la Juventud:<\/span><\/p>\n<div style=\"text-align: justify;\"><span style=\"color: #050505; font-family: 'Segoe UI Historic', 'Segoe UI', Helvetica, Arial, sans-serif; font-size: 15px;\">\u00a0<\/span><\/div>\n<div style=\"text-align: justify;\">&#8211; Paso de Misterio Sant\u00edsimo Cristo de la Juventud<\/div>\n<div style=\"text-align: justify;\">&#8211; Paso de Palio Ntra. Madre Mar\u00eda de Nazaret<\/div>\n<div><\/div>\n<div style=\"text-align: justify;\">Es obligatorio traer calzado de salida y se ruega la m\u00e1xima puntualidad.<\/div>\n<div><\/div>\n<div style=\"text-align: justify;\">Desde la Junta de Gobierno y los Equipos de Mando queremos trasladar a todos los hermanos de la Hermandad de la Juventud y a todos los cofrades en general que estamos abiertos para que todos aquellos que lo deseen puedan presentarse a la Igual\u00e1 General de Hermandad a partir de ah\u00ed, pasar a formar parte de ambas cuadrillas.<\/div>\n<div><\/div>\n<div style=\"text-align: justify;\">Desde aqu\u00ed os animamos a acercaros a la Hermandad a trav\u00e9s de este grupo de hermanos que con una gran dosis de ilusi\u00f3n y ganas trabajan con esfuerzo para que los Costaleros de la Juventud avancen cada a\u00f1o, mejorando y consolidando su labor, y siendo una de las cuadrillas m\u00e1s completas de nuestra Semana Santa.<\/div>\n<div style=\"text-align: justify;\"><\/div>\n<div style=\"text-align: justify;\"><span style=\"color: #050505; font-family: Segoe UI Historic, Segoe UI, Helvetica, Arial, sans-serif;\"><span style=\"background-color: white; font-size: 15px;\">Equipo de Mando<\/span><\/span><\/div>\n","protected":false},"excerpt":{"rendered":"<p>Pr\u00f3ximo 26 de octubre a las 18:00 h en la Sede Social (C\/ Santa Ana), Igual\u00e1 de Costaleros de la<\/p>\n","protected":false},"author":1,"featured_media":2489,"comment_status":"closed","ping_status":"open","sticky":false,"template":"","format":"standard","meta":{"colormag_page_container_layout":"default_layout","colormag_page_sidebar_layout":"default_layout","footnotes":""},"categories":[11,5],"tags":[],"class_list":["post-2488","post","type-post","status-publish","format-standard","has-post-thumbnail","hentry","category-costaleros","category-noticias"],"_links":{"self":[{"href":"https:\/\/juventudynazaret.es\/wp\/wp-json\/wp\/v2\/posts\/2488","targetHints":{"allow":["GET"]}}],"collection":[{"href":"https:\/\/juventudynazaret.es\/wp\/wp-json\/wp\/v2\/posts"}],"about":[{"href":"https:\/\/juventudynazaret.es\/wp\/wp-json\/wp\/v2\/types\/post"}],"author":[{"embeddable":true,"href":"https:\/\/juventudynazaret.es\/wp\/wp-json\/wp\/v2\/users\/1"}],"replies":[{"embeddable":true,"href":"https:\/\/juventudynazaret.es\/wp\/wp-json\/wp\/v2\/comments?post=2488"}],"version-history":[{"count":1,"href":"https:\/\/juventudynazaret.es\/wp\/wp-json\/wp\/v2\/posts\/2488\/revisions"}],"predecessor-version":[{"id":2490,"href":"https:\/\/juventudynazaret.es\/wp\/wp-json\/wp\/v2\/posts\/2488\/revisions\/2490"}],"wp:featuredmedia":[{"embeddable":true,"href":"https:\/\/juventudynazaret.es\/wp\/wp-json\/wp\/v2\/media\/2489"}],"wp:attachment":[{"href":"https:\/\/juventudynazaret.es\/wp\/wp-json\/wp\/v2\/media?parent=2488"}],"wp:term":[{"taxonomy":"category","embeddable":true,"href":"https:\/\/juventudynazaret.es\/wp\/wp-json\/wp\/v2\/categories?post=2488"},{"taxonomy":"post_tag","embeddable":true,"href":"https:\/\/juventudynazaret.es\/wp\/wp-json\/wp\/v2\/tags?post=2488"}],"curies":[{"name":"wp","href":"https:\/\/api.w.org\/{rel}","templated":true}]}}