{"id":2491,"date":"2024-09-03T08:35:36","date_gmt":"2024-09-03T06:35:36","guid":{"rendered":"https:\/\/juventudynazaret.es\/wp\/?p=2491"},"modified":"2024-10-09T08:36:59","modified_gmt":"2024-10-09T06:36:59","slug":"festividad-maria-de-nazaret","status":"publish","type":"post","link":"https:\/\/juventudynazaret.es\/wp\/festividad-maria-de-nazaret\/","title":{"rendered":"FESTIVIDAD MARIA DE NAZARET"},"content":{"rendered":"<div class=\"separator\" style=\"clear: both; text-align: center;\"><a href=\"https:\/\/blogger.googleusercontent.com\/img\/b\/R29vZ2xl\/AVvXsEgR0v4XUzkf9_3BdF6R67J7zkktymvcAnsSWb5kahplbvbOwY9a5VOu7DlQtf-j7aOneGwdhci8L3WXlIhAy0rVG148GKx2T8NROHd5MwLxLw9uE9PhffRr_Qy3e8DS7OhlkFrsKzsUuk_EGo3aK3alIaTKQszbXi6ObM1u5QKNnOEyPyjkYKOvtYy1a6M\/s2048\/NAZA.jpg\" imageanchor=\"1\" style=\"margin-left: 1em; margin-right: 1em;\"><img fetchpriority=\"high\" decoding=\"async\" border=\"0\" data-original-height=\"2048\" data-original-width=\"1171\" height=\"400\" src=\"https:\/\/blogger.googleusercontent.com\/img\/b\/R29vZ2xl\/AVvXsEgR0v4XUzkf9_3BdF6R67J7zkktymvcAnsSWb5kahplbvbOwY9a5VOu7DlQtf-j7aOneGwdhci8L3WXlIhAy0rVG148GKx2T8NROHd5MwLxLw9uE9PhffRr_Qy3e8DS7OhlkFrsKzsUuk_EGo3aK3alIaTKQszbXi6ObM1u5QKNnOEyPyjkYKOvtYy1a6M\/w229-h400\/NAZA.jpg\" width=\"229\" \/><\/a><\/div>\n<p><\/p>\n<div style=\"text-align: justify;\"><\/div>\n<div style=\"text-align: justify;\">Como viene siendo tradicional, una vez concluido el periodo vacacional, nuestra Hermandad celebrar\u00e1 la festividad de Nuestra Madre Mar\u00eda de Nazaret. Esta ser\u00e1 la primera actividad de un nuevo curso y por ello os convocamos el pr\u00f3ximo domingo 8 de septiembre (D.m.) a las 12:00 horas en la Iglesia Santuario de Mar\u00eda Auxiliadora.&nbsp;<\/div>\n<div style=\"text-align: justify;\"><\/div>\n<div style=\"text-align: justify;\">Durante la Misa adem\u00e1s, se realizar\u00e1 presentaci\u00f3n de los ni\u00f1os a Nuestra Madre Mar\u00eda de Nazaret invocando su protecci\u00f3n. Te recordamos que no es necesario que el ni\u00f1o\/a sea Hermano para ser presentado a nuestra Titular.<br \/>\nEn el momento de las ofrendas, cualquier hermano\/a o devoto\/a podr\u00e1 realizar una ofrenda floral a Nuestra Madre Mar\u00eda de Nazaret.&nbsp;<\/div>\n<div style=\"text-align: justify;\"><\/div>\n<div style=\"text-align: justify;\">Si deseas participar de forma activa en la Misa puedes hacerlo respondiendo a este correo hermandad@juventudynazaret.es.<\/p>\n<p>Recuerda que esta es una ocasi\u00f3n \u00fanica en la que nos debemos congregar el mayor n\u00famero de Hermanos y Hermanas en torno a la imagen de Nuestra Madre, para dar las gracias por todo lo bueno que nos ha concedido y, sobre todo, poner en sus manos nuestras necesidades y las de nuestras familias.&nbsp;<\/p><\/div>\n<div style=\"text-align: justify;\"><\/div>\n<div style=\"text-align: justify;\">Recibe un fuerte abrazo.&nbsp;<\/div>\n<div style=\"text-align: justify;\">La Junta de Gobierno.<\/div>\n","protected":false},"excerpt":{"rendered":"<p>Como viene siendo tradicional, una vez concluido el periodo vacacional, nuestra Hermandad celebrar\u00e1 la festividad de Nuestra Madre Mar\u00eda de<\/p>\n","protected":false},"author":1,"featured_media":2492,"comment_status":"closed","ping_status":"open","sticky":false,"template":"","format":"standard","meta":{"colormag_page_container_layout":"default_layout","colormag_page_sidebar_layout":"default_layout","footnotes":""},"categories":[4,5],"tags":[],"class_list":["post-2491","post","type-post","status-publish","format-standard","has-post-thumbnail","hentry","category-actos","category-noticias"],"_links":{"self":[{"href":"https:\/\/juventudynazaret.es\/wp\/wp-json\/wp\/v2\/posts\/2491","targetHints":{"allow":["GET"]}}],"collection":[{"href":"https:\/\/juventudynazaret.es\/wp\/wp-json\/wp\/v2\/posts"}],"about":[{"href":"https:\/\/juventudynazaret.es\/wp\/wp-json\/wp\/v2\/types\/post"}],"author":[{"embeddable":true,"href":"https:\/\/juventudynazaret.es\/wp\/wp-json\/wp\/v2\/users\/1"}],"replies":[{"embeddable":true,"href":"https:\/\/juventudynazaret.es\/wp\/wp-json\/wp\/v2\/comments?post=2491"}],"version-history":[{"count":1,"href":"https:\/\/juventudynazaret.es\/wp\/wp-json\/wp\/v2\/posts\/2491\/revisions"}],"predecessor-version":[{"id":2493,"href":"https:\/\/juventudynazaret.es\/wp\/wp-json\/wp\/v2\/posts\/2491\/revisions\/2493"}],"wp:featuredmedia":[{"embeddable":true,"href":"https:\/\/juventudynazaret.es\/wp\/wp-json\/wp\/v2\/media\/2492"}],"wp:attachment":[{"href":"https:\/\/juventudynazaret.es\/wp\/wp-json\/wp\/v2\/media?parent=2491"}],"wp:term":[{"taxonomy":"category","embeddable":true,"href":"https:\/\/juventudynazaret.es\/wp\/wp-json\/wp\/v2\/categories?post=2491"},{"taxonomy":"post_tag","embeddable":true,"href":"https:\/\/juventudynazaret.es\/wp\/wp-json\/wp\/v2\/tags?post=2491"}],"curies":[{"name":"wp","href":"https:\/\/api.w.org\/{rel}","templated":true}]}}