{"id":303,"date":"2016-06-03T07:43:15","date_gmt":"2016-06-03T06:43:15","guid":{"rendered":"http:\/\/juventudynazaret.es\/wp\/?p=303"},"modified":"2016-06-03T07:43:31","modified_gmt":"2016-06-03T06:43:31","slug":"asambleageneralordinaria-y-eleccioneshermanomayor","status":"publish","type":"post","link":"https:\/\/juventudynazaret.es\/wp\/asambleageneralordinaria-y-eleccioneshermanomayor\/","title":{"rendered":"#AsambleaGeneralOrdinaria y #EleccionesHermanoMayor"},"content":{"rendered":"<div style=\"text-align: justify;\">#Recordatorio Pr\u00f3ximo 5 de junio #AsambleaGeneralOrdinaria a las 11.15 h primera convocatoria y a las 11.30 h en segunda convocatoria. #EleccionesHermanoMayor a las 13.00 h primera convocatoria y a las 13.15 h segunda convocatoria.<\/div>\n<p>&nbsp;<\/p>\n<div class=\"separator\" style=\"clear: both; text-align: center;\"><a style=\"margin-left: 1em; margin-right: 1em;\" href=\"https:\/\/3.bp.blogspot.com\/-aDscPeKB6xU\/V1EmaFVXw0I\/AAAAAAAAEiU\/rAMDkc2MwpQAW8jtBHcQnoPZxGnGJ_PkACLcB\/s1600\/elecciones.jpg\"><img fetchpriority=\"high\" decoding=\"async\" src=\"https:\/\/3.bp.blogspot.com\/-aDscPeKB6xU\/V1EmaFVXw0I\/AAAAAAAAEiU\/rAMDkc2MwpQAW8jtBHcQnoPZxGnGJ_PkACLcB\/s400\/elecciones.jpg\" width=\"400\" height=\"400\" border=\"0\" \/><\/a><\/div>\n<div style=\"text-align: justify;\"><\/div>\n<div style=\"text-align: justify;\">Desde la Junta Electoral queremos hacer un llamamiento a todos\/as los\/as Hermanos\/as para que participen de manera activa en la #AsambleaGeneralElecciones que tendr\u00e1 a lugar a continuaci\u00f3n de la #AsambleaGeneralOrdonaria, d\u00e1ndole la real importancia a lo que es la participaci\u00f3n de todos en las urnas para tener el resultado que mejor se adapte a los deseos de la mayor\u00eda.<\/div>\n<div style=\"text-align: justify;\"><\/div>\n<div style=\"text-align: justify;\">La Junta de Gobierno y la Junta Electoral.<\/div>\n","protected":false},"excerpt":{"rendered":"<p>#Recordatorio Pr\u00f3ximo 5 de junio #AsambleaGeneralOrdinaria a las 11.15 h primera convocatoria y a las 11.30 h en segunda convocatoria.<\/p>\n","protected":false},"author":1,"featured_media":304,"comment_status":"open","ping_status":"open","sticky":false,"template":"","format":"standard","meta":{"colormag_page_container_layout":"default_layout","colormag_page_sidebar_layout":"default_layout","footnotes":""},"categories":[5],"tags":[],"class_list":["post-303","post","type-post","status-publish","format-standard","has-post-thumbnail","hentry","category-noticias"],"_links":{"self":[{"href":"https:\/\/juventudynazaret.es\/wp\/wp-json\/wp\/v2\/posts\/303","targetHints":{"allow":["GET"]}}],"collection":[{"href":"https:\/\/juventudynazaret.es\/wp\/wp-json\/wp\/v2\/posts"}],"about":[{"href":"https:\/\/juventudynazaret.es\/wp\/wp-json\/wp\/v2\/types\/post"}],"author":[{"embeddable":true,"href":"https:\/\/juventudynazaret.es\/wp\/wp-json\/wp\/v2\/users\/1"}],"replies":[{"embeddable":true,"href":"https:\/\/juventudynazaret.es\/wp\/wp-json\/wp\/v2\/comments?post=303"}],"version-history":[{"count":2,"href":"https:\/\/juventudynazaret.es\/wp\/wp-json\/wp\/v2\/posts\/303\/revisions"}],"predecessor-version":[{"id":306,"href":"https:\/\/juventudynazaret.es\/wp\/wp-json\/wp\/v2\/posts\/303\/revisions\/306"}],"wp:featuredmedia":[{"embeddable":true,"href":"https:\/\/juventudynazaret.es\/wp\/wp-json\/wp\/v2\/media\/304"}],"wp:attachment":[{"href":"https:\/\/juventudynazaret.es\/wp\/wp-json\/wp\/v2\/media?parent=303"}],"wp:term":[{"taxonomy":"category","embeddable":true,"href":"https:\/\/juventudynazaret.es\/wp\/wp-json\/wp\/v2\/categories?post=303"},{"taxonomy":"post_tag","embeddable":true,"href":"https:\/\/juventudynazaret.es\/wp\/wp-json\/wp\/v2\/tags?post=303"}],"curies":[{"name":"wp","href":"https:\/\/api.w.org\/{rel}","templated":true}]}}