{"id":737,"date":"2017-10-26T11:52:52","date_gmt":"2017-10-26T10:52:52","guid":{"rendered":"http:\/\/juventudynazaret.es\/wp\/?p=737"},"modified":"2017-10-26T11:52:52","modified_gmt":"2017-10-26T10:52:52","slug":"asamblea-extraordinaria","status":"publish","type":"post","link":"https:\/\/juventudynazaret.es\/wp\/asamblea-extraordinaria\/","title":{"rendered":"ASAMBLEA EXTRAORDINARIA"},"content":{"rendered":"<div class=\"separator\" style=\"clear: both; text-align: center;\"><img fetchpriority=\"high\" decoding=\"async\" src=\"https:\/\/2.bp.blogspot.com\/-HVa3GmIfxdc\/WfG9nkOBvII\/AAAAAAAAFLE\/PEqBCWn-Yy8yCZEHVqBCEJ7A2RY_nOq4gCLcBGAs\/s400\/asamblea.jpg\" width=\"400\" height=\"165\" border=\"0\" data-original-height=\"300\" data-original-width=\"724\" \/><\/div>\n<div class=\"separator\" style=\"clear: both; text-align: center;\"><\/div>\n<div style=\"text-align: justify;\">Estimado Hermano\/a:<\/div>\n<div style=\"text-align: justify;\"><\/div>\n<div style=\"text-align: justify;\">Por encargo del Hermano Mayor, conforme al acuerdo de la Junta de Gobierno, y seg\u00fan lo establecido en el art\u00edculo 12 del Estatuto, realizamos convocatoria para la #AsambleaGeneraldeHermanos que, con car\u00e1cter #Extrordinario, celebraremos en la sede social de la Hermandad y Cofrad\u00eda arriba indicada, sita en la calle Arcipreste Fern\u00e1ndez Casado n\u00fam. 7 de Montilla, a las 11:15 horas en primera convocatoria y a las 11:30 horas en segunda del domingo 29 de octubre de 2017.<\/div>\n<div style=\"text-align: justify;\"><\/div>\n<div style=\"text-align: justify;\">La Junta de Gobierno.<\/div>\n","protected":false},"excerpt":{"rendered":"<p>Estimado Hermano\/a: Por encargo del Hermano Mayor, conforme al acuerdo de la Junta de Gobierno, y seg\u00fan lo establecido en<\/p>\n","protected":false},"author":1,"featured_media":738,"comment_status":"open","ping_status":"open","sticky":false,"template":"","format":"standard","meta":{"colormag_page_container_layout":"default_layout","colormag_page_sidebar_layout":"default_layout","footnotes":""},"categories":[5],"tags":[],"class_list":["post-737","post","type-post","status-publish","format-standard","has-post-thumbnail","hentry","category-noticias"],"_links":{"self":[{"href":"https:\/\/juventudynazaret.es\/wp\/wp-json\/wp\/v2\/posts\/737","targetHints":{"allow":["GET"]}}],"collection":[{"href":"https:\/\/juventudynazaret.es\/wp\/wp-json\/wp\/v2\/posts"}],"about":[{"href":"https:\/\/juventudynazaret.es\/wp\/wp-json\/wp\/v2\/types\/post"}],"author":[{"embeddable":true,"href":"https:\/\/juventudynazaret.es\/wp\/wp-json\/wp\/v2\/users\/1"}],"replies":[{"embeddable":true,"href":"https:\/\/juventudynazaret.es\/wp\/wp-json\/wp\/v2\/comments?post=737"}],"version-history":[{"count":1,"href":"https:\/\/juventudynazaret.es\/wp\/wp-json\/wp\/v2\/posts\/737\/revisions"}],"predecessor-version":[{"id":739,"href":"https:\/\/juventudynazaret.es\/wp\/wp-json\/wp\/v2\/posts\/737\/revisions\/739"}],"wp:featuredmedia":[{"embeddable":true,"href":"https:\/\/juventudynazaret.es\/wp\/wp-json\/wp\/v2\/media\/738"}],"wp:attachment":[{"href":"https:\/\/juventudynazaret.es\/wp\/wp-json\/wp\/v2\/media?parent=737"}],"wp:term":[{"taxonomy":"category","embeddable":true,"href":"https:\/\/juventudynazaret.es\/wp\/wp-json\/wp\/v2\/categories?post=737"},{"taxonomy":"post_tag","embeddable":true,"href":"https:\/\/juventudynazaret.es\/wp\/wp-json\/wp\/v2\/tags?post=737"}],"curies":[{"name":"wp","href":"https:\/\/api.w.org\/{rel}","templated":true}]}}